{"id":55027,"date":"2025-06-05T08:08:56","date_gmt":"2025-06-05T08:08:56","guid":{"rendered":"https:\/\/www.bimcommunity.com\/?p=55027"},"modified":"2025-06-05T08:20:44","modified_gmt":"2025-06-05T08:20:44","slug":"mohamed-adib-la-ia-no-sustituira-a-los-arquitectos-pero-transformara-profundamente-la-profesion","status":"publish","type":"post","link":"https:\/\/www.bimcommunity.com\/es\/mohamed-adib-la-ia-no-sustituira-a-los-arquitectos-pero-transformara-profundamente-la-profesion\/","title":{"rendered":"Mohamed Adib: \u201cLa IA no sustituir\u00e1 a los arquitectos, pero transformar\u00e1 profundamente la profesi\u00f3n\u201d"},"content":{"rendered":"","protected":false},"excerpt":{"rendered":"","protected":false},"author":3,"featured_media":55034,"comment_status":"closed","ping_status":"closed","sticky":false,"template":"","format":"standard","meta":{"_acf_changed":false,"footnotes":""},"categories":[106,177,175],"tags":[],"class_list":["post-55027","post","type-post","status-publish","format-standard","has-post-thumbnail","hentry","category-tendencias","category-edificacion","category-flujos-de-trabajo"],"acf":[],"_links":{"self":[{"href":"https:\/\/www.bimcommunity.com\/es\/wp-json\/wp\/v2\/posts\/55027","targetHints":{"allow":["GET"]}}],"collection":[{"href":"https:\/\/www.bimcommunity.com\/es\/wp-json\/wp\/v2\/posts"}],"about":[{"href":"https:\/\/www.bimcommunity.com\/es\/wp-json\/wp\/v2\/types\/post"}],"author":[{"embeddable":true,"href":"https:\/\/www.bimcommunity.com\/es\/wp-json\/wp\/v2\/users\/3"}],"replies":[{"embeddable":true,"href":"https:\/\/www.bimcommunity.com\/es\/wp-json\/wp\/v2\/comments?post=55027"}],"version-history":[{"count":0,"href":"https:\/\/www.bimcommunity.com\/es\/wp-json\/wp\/v2\/posts\/55027\/revisions"}],"wp:featuredmedia":[{"embeddable":true,"href":"https:\/\/www.bimcommunity.com\/es\/wp-json\/wp\/v2\/media\/55034"}],"wp:attachment":[{"href":"https:\/\/www.bimcommunity.com\/es\/wp-json\/wp\/v2\/media?parent=55027"}],"wp:term":[{"taxonomy":"category","embeddable":true,"href":"https:\/\/www.bimcommunity.com\/es\/wp-json\/wp\/v2\/categories?post=55027"},{"taxonomy":"post_tag","embeddable":true,"href":"https:\/\/www.bimcommunity.com\/es\/wp-json\/wp\/v2\/tags?post=55027"}],"curies":[{"name":"wp","href":"https:\/\/api.w.org\/{rel}","templated":true}]}}